{"id":9966,"date":"2025-09-04T08:13:40","date_gmt":"2025-09-04T08:13:40","guid":{"rendered":"https:\/\/panoramica.se\/?p=9966"},"modified":"2025-09-04T08:14:26","modified_gmt":"2025-09-04T08:14:26","slug":"9966","status":"publish","type":"post","link":"https:\/\/panoramica.se\/es\/9966\/","title":{"rendered":"Panoramica 2025 \u00b7 Lanzamiento del programa!"},"content":{"rendered":"<p><strong>Panoramica regresa con su 11\u00aa edici\u00f3n del 23 al 28 de septiembre en los cines Zita, Klarabiografen y Bio Bristol. Para celebrarlo, este a\u00f1o el lanzamiento del programa tendr\u00e1 lugar en Bongo Bar &amp; K\u00f6k a partir de las 17:30, dentro de uno de los cines del festival: Zita.<\/strong><\/p>\n<p><!--more--><\/p>\n<p>En el evento presentaremos la 11\u00aa edici\u00f3n de Panoramica y repartiremos ejemplares reci\u00e9n impresos del programa de este a\u00f1o. Aprovecha los precios especiales de la barra y disfruta de un ambiente distendido con otros amantes del cine antes del festival. \u00a1La terraza sigue abierta!<\/p>\n<p>El programa y las entradas estar\u00e1n disponibles online a partir del 4 de septiembre en panoramica.se.<br \/>\n\u00a1Nos vemos!<\/p>\n<p><span style=\"color: #ffffff;\">.<\/span><\/p>\n","protected":false},"excerpt":{"rendered":"<p>Panoramica regresa con su 11\u00aa edici\u00f3n del 23 al 28 de septiembre en los cines Zita, Klarabiografen y Bio Bristol. Para celebrarlo, este a\u00f1o el lanzamiento del programa tendr\u00e1 lugar en Bongo Bar &amp; K\u00f6k a partir de las 17:30, dentro de uno de los cines del festival: Zita.<\/p>\n","protected":false},"author":2,"featured_media":9958,"comment_status":"closed","ping_status":"closed","sticky":false,"template":"","format":"standard","meta":{"_acf_changed":false,"footnotes":""},"categories":[30],"tags":[],"class_list":["post-9966","post","type-post","status-publish","format-standard","has-post-thumbnail","hentry","category-sin-categorizar"],"acf":[],"_links":{"self":[{"href":"https:\/\/panoramica.se\/es\/wp-json\/wp\/v2\/posts\/9966","targetHints":{"allow":["GET"]}}],"collection":[{"href":"https:\/\/panoramica.se\/es\/wp-json\/wp\/v2\/posts"}],"about":[{"href":"https:\/\/panoramica.se\/es\/wp-json\/wp\/v2\/types\/post"}],"author":[{"embeddable":true,"href":"https:\/\/panoramica.se\/es\/wp-json\/wp\/v2\/users\/2"}],"replies":[{"embeddable":true,"href":"https:\/\/panoramica.se\/es\/wp-json\/wp\/v2\/comments?post=9966"}],"version-history":[{"count":3,"href":"https:\/\/panoramica.se\/es\/wp-json\/wp\/v2\/posts\/9966\/revisions"}],"predecessor-version":[{"id":9969,"href":"https:\/\/panoramica.se\/es\/wp-json\/wp\/v2\/posts\/9966\/revisions\/9969"}],"wp:featuredmedia":[{"embeddable":true,"href":"https:\/\/panoramica.se\/es\/wp-json\/wp\/v2\/media\/9958"}],"wp:attachment":[{"href":"https:\/\/panoramica.se\/es\/wp-json\/wp\/v2\/media?parent=9966"}],"wp:term":[{"taxonomy":"category","embeddable":true,"href":"https:\/\/panoramica.se\/es\/wp-json\/wp\/v2\/categories?post=9966"},{"taxonomy":"post_tag","embeddable":true,"href":"https:\/\/panoramica.se\/es\/wp-json\/wp\/v2\/tags?post=9966"}],"curies":[{"name":"wp","href":"https:\/\/api.w.org\/{rel}","templated":true}]}}