{"id":8893,"date":"2023-09-01T09:35:37","date_gmt":"2023-09-01T09:35:37","guid":{"rendered":"https:\/\/panoramica.se\/?p=8893"},"modified":"2023-09-01T09:35:37","modified_gmt":"2023-09-01T09:35:37","slug":"aqui-esta-el-programa-de-panoramica-2023","status":"publish","type":"post","link":"https:\/\/panoramica.se\/es\/aqui-esta-el-programa-de-panoramica-2023\/","title":{"rendered":"\u00a1Aqu\u00ed est\u00e1 el programa de Panor\u00e1mica 2023!"},"content":{"rendered":"<p><strong>El 28 de septiembre se inaugura la 9\u00aa edici\u00f3n del Festival de Cine Latinoamericano de Estocolmo \u2014 Panor\u00e1mica, en el cine Zita con la pel\u00edcula colombiana <a href=\"https:\/\/panoramica.se\/es\/?post_type=evenemang&amp;p=8598\">La Jaur\u00eda <\/a>de Andr\u00e9s Ram\u00edrez Pulido. El festival contin\u00faa hasta el 1 de octubre con una programaci\u00f3n completa en los cines Zita, Klarabiografen y Bio Bristol (Sundbyberg).<\/strong><\/p>\n<p><!--more--><em>Nueve a\u00f1os, nueve documentales, nueve pel\u00edculas. Nueve a\u00f1os de cine latinoamericano en Estocolmo. Nueve a\u00f1os en los que hemos compartido con un p\u00fablico fiel que ha convertido el festival en su punto de encuentro. Esperamos que la programaci\u00f3n de este a\u00f1o contin\u00fae nuestra tradici\u00f3n de ofrecer siempre cine latinoamericano en Estocolmo y Suecia.<\/em><\/p>\n<p><span style=\"color: #000000;\">Con una gran inspiraci\u00f3n en la argentina \u00abnunca m\u00e1s\u00bb, que celebra su 40\u00ba aniversario este a\u00f1o, hemos elegido el tema de <\/span><u><strong>futuros posibles<\/strong><\/u><span style=\"color: #000000;\"> para la novena edici\u00f3n de Panor\u00e1mica. Por lo tanto, el programa incluye una proyecci\u00f3n especial del documental <\/span><a href=\"https:\/\/panoramica.se\/es\/evenemang\/el-juicio\/\" target=\"_blank\" rel=\"noopener\" data-cke-saved-href=\"https:\/\/panoramica.se\/es\/evenemang\/el-juicio\/\">El juicio<\/a><span style=\"color: #000000;\"> de Ulises de la Orden, as\u00ed como una selecci\u00f3n de nueve documentales que desde diferentes perspectivas exploran los l\u00edmites de reinterpretar el pasado.<\/span><\/p>\n<p><span style=\"color: #000000;\">Entre las nueve pel\u00edculas de este a\u00f1o, la oscuridad y el terror se encuentran con el hiperrealismo y la magia, por ejemplo, en <\/span><a href=\"https:\/\/panoramica.se\/es\/evenemang\/diogenes\/\" target=\"_blank\" rel=\"noopener\" data-cke-saved-href=\"https:\/\/panoramica.se\/es\/evenemang\/diogenes\/\">Di\u00f3genes<\/a><span style=\"color: #000000;\"> de Leonardo Barbuy La Torre (Per\u00fa), <\/span><a href=\"https:\/\/panoramica.se\/es\/evenemang\/la-piel-pulpo\/\" target=\"_blank\" rel=\"noopener\" data-cke-saved-href=\"https:\/\/panoramica.se\/es\/evenemang\/la-piel-pulpo\/\">L<\/a><a href=\"https:\/\/panoramica.se\/es\/evenemang\/la-piel-pulpo\/\" target=\"_blank\" rel=\"noopener\" data-cke-saved-href=\"https:\/\/panoramica.se\/es\/evenemang\/la-piel-pulpo\/\">a piel pulpo <\/a><span style=\"color: #000000;\">de Ana Cristina Barrag\u00e1n (Ecuador) y\u00a0<a href=\"https:\/\/panoramica.se\/es\/evenemang\/brujeria\/\" target=\"_blank\" rel=\"noopener\" data-cke-saved-href=\"https:\/\/panoramica.se\/es\/evenemang\/brujeria\/\">Brujer\u00eda<\/a>\u00a0de Christopher Murray (Chile), que exploran representaciones dist\u00f3picas para advertir sobre el caos que una transformaci\u00f3n acelerada sin l\u00edmites puede traer.<\/span><\/p>\n<p><span style=\"color: #000000;\">Adem\u00e1s de un programa de pel\u00edculas y paquetes de cortometrajes, se llevar\u00e1n a cabo dos seminarios web durante el festival sobre los temas de <em>Documentales y el fin de la imagen romantizada de los pueblos originarios<\/em> y <em>Los archivos como fuente y creadores de cambios<\/em>. El s\u00e1bado 30 de septiembre se llevar\u00e1 a cabo la tradicional fiesta en <strong>Morfar Ginko<\/strong> a partir de las 21.00 horas.<\/span><\/p>\n<p><span style=\"color: #000000;\">Puede acceder al programa completo a continuaci\u00f3n, donde puede obtener m\u00e1s informaci\u00f3n sobre las pel\u00edculas (haciendo clic en ellas) y encontrar enlaces para comprar boletos.<\/span><\/p>\n","protected":false},"excerpt":{"rendered":"<p>El 28 de septiembre se inaugura la 9\u00aa edici\u00f3n del Festival de Cine Latinoamericano de Estocolmo \u2014 Panor\u00e1mica, en el cine Zita con la pel\u00edcula colombiana La Jaur\u00eda de Andr\u00e9s Ram\u00edrez Pulido. El festival contin\u00faa hasta el 1 de octubre con una programaci\u00f3n completa en los cines Zita, Klarabiografen y Bio Bristol (Sundbyberg).<\/p>\n","protected":false},"author":2,"featured_media":8617,"comment_status":"closed","ping_status":"closed","sticky":false,"template":"","format":"standard","meta":{"_acf_changed":false,"footnotes":""},"categories":[30],"tags":[],"class_list":["post-8893","post","type-post","status-publish","format-standard","has-post-thumbnail","hentry","category-sin-categorizar"],"acf":[],"_links":{"self":[{"href":"https:\/\/panoramica.se\/es\/wp-json\/wp\/v2\/posts\/8893","targetHints":{"allow":["GET"]}}],"collection":[{"href":"https:\/\/panoramica.se\/es\/wp-json\/wp\/v2\/posts"}],"about":[{"href":"https:\/\/panoramica.se\/es\/wp-json\/wp\/v2\/types\/post"}],"author":[{"embeddable":true,"href":"https:\/\/panoramica.se\/es\/wp-json\/wp\/v2\/users\/2"}],"replies":[{"embeddable":true,"href":"https:\/\/panoramica.se\/es\/wp-json\/wp\/v2\/comments?post=8893"}],"version-history":[{"count":1,"href":"https:\/\/panoramica.se\/es\/wp-json\/wp\/v2\/posts\/8893\/revisions"}],"predecessor-version":[{"id":8894,"href":"https:\/\/panoramica.se\/es\/wp-json\/wp\/v2\/posts\/8893\/revisions\/8894"}],"wp:featuredmedia":[{"embeddable":true,"href":"https:\/\/panoramica.se\/es\/wp-json\/wp\/v2\/media\/8617"}],"wp:attachment":[{"href":"https:\/\/panoramica.se\/es\/wp-json\/wp\/v2\/media?parent=8893"}],"wp:term":[{"taxonomy":"category","embeddable":true,"href":"https:\/\/panoramica.se\/es\/wp-json\/wp\/v2\/categories?post=8893"},{"taxonomy":"post_tag","embeddable":true,"href":"https:\/\/panoramica.se\/es\/wp-json\/wp\/v2\/tags?post=8893"}],"curies":[{"name":"wp","href":"https:\/\/api.w.org\/{rel}","templated":true}]}}