{"id":7939,"date":"2021-11-26T14:56:38","date_gmt":"2021-11-26T14:56:38","guid":{"rendered":"https:\/\/panoramica.se\/?p=7939"},"modified":"2021-11-26T14:56:38","modified_gmt":"2021-11-26T14:56:38","slug":"dia-de-los-cortos-santa-salsa","status":"publish","type":"post","link":"https:\/\/panoramica.se\/es\/dia-de-los-cortos-santa-salsa\/","title":{"rendered":"D\u00eda de los cortos @ Santa Salsa"},"content":{"rendered":"<p><strong>El festival de cine latinoamericano de Estocolmo &#8211; Panoramica celebra el d\u00eda m\u00e1s corto del a\u00f1o junto con el Festival de cortometrajes de Uppsala en el restaurante Santa Salsa con m\u00fasica\u00a0 latinoamericano y un paquete de cortometrajes por el colectivo mexicano Los Ingr\u00e1vidos. \u00a1Las proyecciones comienzan a las 18.00 y son gratuitas!<\/strong><\/p>\n<p><!--more--><\/p>\n<p>El colectivo an\u00f3nimo Los Ingr\u00e1vidos surgi\u00f3 de la necesidad de eliminar gradualmente y como alternativa a lo que perciben como una est\u00e9tica depurada en forma de conformismo televisivo estatal o gram\u00e1tica cinematogr\u00e1fica convencional. Alucinatorias hipn\u00f3ticas, bien formadas, pol\u00edticamente cargadas y con ricos paisajes sonoros, las pel\u00edculas radicales y l\u00fadicas del Colectivo mexicano Los Ingr\u00e1vido son una combinaci\u00f3n de chamanismo febril y actos de resistencia po\u00e9ticamente sublimes que combinan la cr\u00edtica del r\u00e9gimen con asentamientos violentos con la narraci\u00f3n cinematogr\u00e1fica convencional.<\/p>\n<p>En honor del evento, DJ Manu toca su m\u00fasica y Santa Salsa tiene el bar abierto durante las proyecciones.<\/p>\n<p>El programa de la pel\u00edcula es una colaboraci\u00f3n con el Festival de Cortometrajes de Uppsala, Panoramica &#8211; Festival de Cine Latinoamericano de Estocolmo y Folkets Bio.<\/p>\n","protected":false},"excerpt":{"rendered":"<p>El festival de cine latinoamericano de Estocolmo &#8211; Panoramica celebra el d\u00eda m\u00e1s corto del a\u00f1o junto con el Festival de cortometrajes de Uppsala en el restaurante Santa Salsa con m\u00fasica\u00a0 latinoamericano y un paquete de cortometrajes por el colectivo mexicano Los Ingr\u00e1vidos. \u00a1Las proyecciones comienzan a las 18.00 y son gratuitas!<\/p>\n","protected":false},"author":2,"featured_media":7934,"comment_status":"closed","ping_status":"open","sticky":false,"template":"","format":"standard","meta":{"_acf_changed":false,"footnotes":""},"categories":[30],"tags":[],"class_list":["post-7939","post","type-post","status-publish","format-standard","has-post-thumbnail","hentry","category-sin-categorizar"],"acf":[],"_links":{"self":[{"href":"https:\/\/panoramica.se\/es\/wp-json\/wp\/v2\/posts\/7939","targetHints":{"allow":["GET"]}}],"collection":[{"href":"https:\/\/panoramica.se\/es\/wp-json\/wp\/v2\/posts"}],"about":[{"href":"https:\/\/panoramica.se\/es\/wp-json\/wp\/v2\/types\/post"}],"author":[{"embeddable":true,"href":"https:\/\/panoramica.se\/es\/wp-json\/wp\/v2\/users\/2"}],"replies":[{"embeddable":true,"href":"https:\/\/panoramica.se\/es\/wp-json\/wp\/v2\/comments?post=7939"}],"version-history":[{"count":1,"href":"https:\/\/panoramica.se\/es\/wp-json\/wp\/v2\/posts\/7939\/revisions"}],"predecessor-version":[{"id":7940,"href":"https:\/\/panoramica.se\/es\/wp-json\/wp\/v2\/posts\/7939\/revisions\/7940"}],"wp:featuredmedia":[{"embeddable":true,"href":"https:\/\/panoramica.se\/es\/wp-json\/wp\/v2\/media\/7934"}],"wp:attachment":[{"href":"https:\/\/panoramica.se\/es\/wp-json\/wp\/v2\/media?parent=7939"}],"wp:term":[{"taxonomy":"category","embeddable":true,"href":"https:\/\/panoramica.se\/es\/wp-json\/wp\/v2\/categories?post=7939"},{"taxonomy":"post_tag","embeddable":true,"href":"https:\/\/panoramica.se\/es\/wp-json\/wp\/v2\/tags?post=7939"}],"curies":[{"name":"wp","href":"https:\/\/api.w.org\/{rel}","templated":true}]}}