{"id":6335,"date":"2019-09-16T11:02:22","date_gmt":"2019-09-16T11:02:22","guid":{"rendered":"http:\/\/panoramica.se\/?p=6335"},"modified":"2019-09-16T11:02:22","modified_gmt":"2019-09-16T11:02:22","slug":"el-coordinador-del-festival-recomienda","status":"publish","type":"post","link":"https:\/\/panoramica.se\/es\/el-coordinador-del-festival-recomienda\/","title":{"rendered":"El coordinador del festival recomienda"},"content":{"rendered":"<p>Antes de la quinta edici\u00f3n del Festival de Cine Latinoamericano de Estocolmo comience, nuestros team del festival quieren aprovechar la oportunidad para compartir algunas de sus pel\u00edculas mas favoritas durante Panoramica.<\/p>\n<p><!--more--><\/p>\n<p>La tercera persona a salir con su recomiendaciones es Johan Fogde Dias, quien es el coordinador del festival y \u00fanete al grupo del programa. Aqu\u00ed le da algunos de sus favoritos que no debe perderse durante el festival, desde pel\u00edculas de suspenso hasta pel\u00edculas infantiles pol\u00edticas.<\/p>\n<h3><strong>Animal<\/strong><\/h3>\n<p><em>Animal es una de esas pel\u00edculas que sorprende por completo desde el principio. Guillermo Francella (El secreto de sus ojos, El Clan) hace uno de sus papeles m\u00e1s fuertes como el conservador Antonio Decoud, quien se ve obligado a cambiar su vida ordenada en busca de la supervivencia y la esperanza. <\/em><a href=\"http:\/\/panoramica.se\/es\/?post_type=evenemang&amp;p=5644\">Lea m\u00e1s sobre la pel\u00edcula aqu\u00ed.<\/a><\/p>\n<h3><strong>Los miembros de la familia<\/strong><\/h3>\n<p><em>Uno de los invitados del festival llega a Panoramica con su pelicula Los miembros de la familia. Una pel\u00edcula basada en el cuidado de dos hermanos y su renuncia a su madre fallecida, que se transforma en una pel\u00edcula sobre redescubrir su relaci\u00f3n con un humor sutil. Todo gracias a una huelga de b\u00fas y un Youtuber \u00fanico.\u00a0<\/em><a href=\"http:\/\/panoramica.se\/es\/?post_type=evenemang&amp;p=5636\">Lea m\u00e1s sobre la pel\u00edcula aqu\u00ed.\u00a0<\/a><\/p>\n<h3><strong>Tito and the Birds<\/strong><\/h3>\n<p><em>Una de las pel\u00edculas m\u00e1s visuales de Panoramica es la animaci\u00f3n pintada al \u00f3leo Tito and the Birds de Brasil. La pel\u00edcula que sali\u00f3 antes de que Bolsonaro ganara las elecciones en Brasil no podr\u00eda ser m\u00e1s relevante hoy. En el mundo de Tito, el miedo y la propaganda son los enemigos que golpean su mundo y sus alrededores, y que solo Tito y su padre pueden tener la soluci\u00f3n. <\/em><a href=\"http:\/\/panoramica.se\/es\/evenemang\/tito-e-os-passaros\/\">Lea m\u00e1s sobre la pel\u00edcula aqu\u00ed.\u00a0<\/a><\/p>\n","protected":false},"excerpt":{"rendered":"<p>Antes de la quinta edici\u00f3n del Festival de Cine Latinoamericano de Estocolmo comience, nuestros team del festival quieren aprovechar la oportunidad para compartir algunas de sus pel\u00edculas mas favoritas durante Panoramica.<\/p>\n","protected":false},"author":2,"featured_media":6332,"comment_status":"closed","ping_status":"open","sticky":false,"template":"","format":"standard","meta":{"_acf_changed":false,"footnotes":""},"categories":[30],"tags":[],"class_list":["post-6335","post","type-post","status-publish","format-standard","has-post-thumbnail","hentry","category-sin-categorizar"],"acf":[],"_links":{"self":[{"href":"https:\/\/panoramica.se\/es\/wp-json\/wp\/v2\/posts\/6335","targetHints":{"allow":["GET"]}}],"collection":[{"href":"https:\/\/panoramica.se\/es\/wp-json\/wp\/v2\/posts"}],"about":[{"href":"https:\/\/panoramica.se\/es\/wp-json\/wp\/v2\/types\/post"}],"author":[{"embeddable":true,"href":"https:\/\/panoramica.se\/es\/wp-json\/wp\/v2\/users\/2"}],"replies":[{"embeddable":true,"href":"https:\/\/panoramica.se\/es\/wp-json\/wp\/v2\/comments?post=6335"}],"version-history":[{"count":1,"href":"https:\/\/panoramica.se\/es\/wp-json\/wp\/v2\/posts\/6335\/revisions"}],"predecessor-version":[{"id":6336,"href":"https:\/\/panoramica.se\/es\/wp-json\/wp\/v2\/posts\/6335\/revisions\/6336"}],"wp:featuredmedia":[{"embeddable":true,"href":"https:\/\/panoramica.se\/es\/wp-json\/wp\/v2\/media\/6332"}],"wp:attachment":[{"href":"https:\/\/panoramica.se\/es\/wp-json\/wp\/v2\/media?parent=6335"}],"wp:term":[{"taxonomy":"category","embeddable":true,"href":"https:\/\/panoramica.se\/es\/wp-json\/wp\/v2\/categories?post=6335"},{"taxonomy":"post_tag","embeddable":true,"href":"https:\/\/panoramica.se\/es\/wp-json\/wp\/v2\/tags?post=6335"}],"curies":[{"name":"wp","href":"https:\/\/api.w.org\/{rel}","templated":true}]}}