{"id":10123,"date":"2025-09-11T19:09:05","date_gmt":"2025-09-11T19:09:05","guid":{"rendered":"https:\/\/panoramica.se\/?p=10123"},"modified":"2025-09-11T19:09:05","modified_gmt":"2025-09-11T19:09:05","slug":"uruguay-en-foco-durante-panoramica-2025","status":"publish","type":"post","link":"https:\/\/panoramica.se\/es\/uruguay-en-foco-durante-panoramica-2025\/","title":{"rendered":"Uruguay en foco durante Panoramica 2025"},"content":{"rendered":"<p><strong>El cine uruguayo expresa una personalidad, una narrativa y una est\u00e9tica propias, alimentadas por una tradici\u00f3n de sensibilidad profundamente humana y diversa.<\/strong><\/p>\n<p><!--more--><\/p>\n<p>Por primera vez, Panoramica dirige su mirada hacia un pa\u00eds espec\u00edfico: <strong>Uruguay<\/strong>, cuya producci\u00f3n cinematogr\u00e1fica actual, tanto en ficci\u00f3n como en documental, ofrece perspectivas innovadoras, conmovedoras y comprometidas sobre la memoria y la resistencia. Adem\u00e1s de coproducir como socio mayoritario, Uruguay participa cada vez m\u00e1s como socio minoritario, gracias a un ecosistema atractivo por su calidad art\u00edstica y t\u00e9cnica, as\u00ed como por el acceso a diversas herramientas de financiaci\u00f3n.<\/p>\n<p>Panoramica se complace en anunciar que la actriz <strong>Martina Passeggi<\/strong> ser\u00e1 invitada de esta edici\u00f3n con la pel\u00edcula inaugural <a href=\"https:\/\/panoramica.se\/es\/evenemang\/un-futuro-brillante\/\">Un futuro brillante<\/a>, dirigida por Luc\u00eda Garibaldi, en la que interpreta el papel principal. La pel\u00edcula fue premiada recientemente en Tribeca 2025. Martina compartir\u00e1 sus reflexiones sobre la situaci\u00f3n actual del cine uruguayo en una conversaci\u00f3n con el director <strong>Pablo Mart\u00ednez Pessi<\/strong>, quien regresa a Panoramica para presentar su nuevo documental <a href=\"https:\/\/panoramica.se\/es\/evenemang\/rio-adentro\/\">R\u00edo adentro<\/a>.<\/p>\n<p>Las producciones nacionales han recibido reconocimiento internacional, entre ellas<a href=\"https:\/\/panoramica.se\/es\/evenemang\/agarrame-fuerte\/\"> Agarrame fuerte<\/a> (Premio Nora Ephron, Tribeca 2024), que tambi\u00e9n se proyectar\u00e1 en Panoramica.<\/p>\n<p><span style=\"color: #ffffff;\">.<\/span><\/p>\n","protected":false},"excerpt":{"rendered":"<p>El cine uruguayo expresa una personalidad, una narrativa y una est\u00e9tica propias, alimentadas por una tradici\u00f3n de sensibilidad profundamente humana y diversa.<\/p>\n","protected":false},"author":2,"featured_media":10121,"comment_status":"closed","ping_status":"closed","sticky":false,"template":"","format":"standard","meta":{"_acf_changed":false,"footnotes":""},"categories":[30],"tags":[],"class_list":["post-10123","post","type-post","status-publish","format-standard","has-post-thumbnail","hentry","category-sin-categorizar"],"acf":[],"_links":{"self":[{"href":"https:\/\/panoramica.se\/es\/wp-json\/wp\/v2\/posts\/10123","targetHints":{"allow":["GET"]}}],"collection":[{"href":"https:\/\/panoramica.se\/es\/wp-json\/wp\/v2\/posts"}],"about":[{"href":"https:\/\/panoramica.se\/es\/wp-json\/wp\/v2\/types\/post"}],"author":[{"embeddable":true,"href":"https:\/\/panoramica.se\/es\/wp-json\/wp\/v2\/users\/2"}],"replies":[{"embeddable":true,"href":"https:\/\/panoramica.se\/es\/wp-json\/wp\/v2\/comments?post=10123"}],"version-history":[{"count":1,"href":"https:\/\/panoramica.se\/es\/wp-json\/wp\/v2\/posts\/10123\/revisions"}],"predecessor-version":[{"id":10124,"href":"https:\/\/panoramica.se\/es\/wp-json\/wp\/v2\/posts\/10123\/revisions\/10124"}],"wp:featuredmedia":[{"embeddable":true,"href":"https:\/\/panoramica.se\/es\/wp-json\/wp\/v2\/media\/10121"}],"wp:attachment":[{"href":"https:\/\/panoramica.se\/es\/wp-json\/wp\/v2\/media?parent=10123"}],"wp:term":[{"taxonomy":"category","embeddable":true,"href":"https:\/\/panoramica.se\/es\/wp-json\/wp\/v2\/categories?post=10123"},{"taxonomy":"post_tag","embeddable":true,"href":"https:\/\/panoramica.se\/es\/wp-json\/wp\/v2\/tags?post=10123"}],"curies":[{"name":"wp","href":"https:\/\/api.w.org\/{rel}","templated":true}]}}